{"id":9993,"date":"2023-12-04T12:22:09","date_gmt":"2023-12-04T10:22:09","guid":{"rendered":"https:\/\/vsangern.ac.at\/?p=9993"},"modified":"2023-12-04T12:22:28","modified_gmt":"2023-12-04T10:22:28","slug":"auftritt-der-blaeserklasse","status":"publish","type":"post","link":"https:\/\/vsangern.ac.at\/?p=9993","title":{"rendered":"Auftritt der Bl\u00e4serklasse"},"content":{"rendered":"<p><span style=\"font-family: arial, helvetica, sans-serif; font-size: 10pt;\">Unsere Bl\u00e4serklasse musizierte am 3.12.2023 beim Adventkonzert der Ortsmusik Ollersdorf.<\/span><\/p>\n<p><span style=\"font-family: arial, helvetica, sans-serif; font-size: 10pt;\">Zahlreiche Zuh\u00f6rer*innen waren von den Kl\u00e4ngen der jungen Musiker*innen begeistert.<\/span><\/p>\n<p><img decoding=\"async\" loading=\"lazy\" class=\"alignnone size-medium wp-image-9994\" src=\"https:\/\/vsangern.ac.at\/wp-content\/uploads\/2023\/12\/BK-W1-225x300.jpg\" alt=\"\" width=\"225\" height=\"300\" srcset=\"https:\/\/vsangern.ac.at\/wp-content\/uploads\/2023\/12\/BK-W1-225x300.jpg 225w, https:\/\/vsangern.ac.at\/wp-content\/uploads\/2023\/12\/BK-W1-768x1024.jpg 768w, https:\/\/vsangern.ac.at\/wp-content\/uploads\/2023\/12\/BK-W1-1152x1536.jpg 1152w, https:\/\/vsangern.ac.at\/wp-content\/uploads\/2023\/12\/BK-W1-9x12.jpg 9w, https:\/\/vsangern.ac.at\/wp-content\/uploads\/2023\/12\/BK-W1.jpg 1200w\" sizes=\"(max-width: 225px) 100vw, 225px\" \/><\/p>\n","protected":false},"excerpt":{"rendered":"<p>Unsere Bl\u00e4serklasse musizierte am 3.12.2023 beim Adventkonzert der Ortsmusik Ollersdorf. Zahlreiche Zuh\u00f6rer*innen waren von den Kl\u00e4ngen der jungen Musiker*innen begeistert.<\/p>\n","protected":false},"author":15,"featured_media":0,"comment_status":"closed","ping_status":"closed","sticky":false,"template":"","format":"image","meta":{"ngg_post_thumbnail":0},"categories":[1],"tags":[],"_links":{"self":[{"href":"https:\/\/vsangern.ac.at\/index.php?rest_route=\/wp\/v2\/posts\/9993"}],"collection":[{"href":"https:\/\/vsangern.ac.at\/index.php?rest_route=\/wp\/v2\/posts"}],"about":[{"href":"https:\/\/vsangern.ac.at\/index.php?rest_route=\/wp\/v2\/types\/post"}],"author":[{"embeddable":true,"href":"https:\/\/vsangern.ac.at\/index.php?rest_route=\/wp\/v2\/users\/15"}],"replies":[{"embeddable":true,"href":"https:\/\/vsangern.ac.at\/index.php?rest_route=%2Fwp%2Fv2%2Fcomments&post=9993"}],"version-history":[{"count":2,"href":"https:\/\/vsangern.ac.at\/index.php?rest_route=\/wp\/v2\/posts\/9993\/revisions"}],"predecessor-version":[{"id":9996,"href":"https:\/\/vsangern.ac.at\/index.php?rest_route=\/wp\/v2\/posts\/9993\/revisions\/9996"}],"wp:attachment":[{"href":"https:\/\/vsangern.ac.at\/index.php?rest_route=%2Fwp%2Fv2%2Fmedia&parent=9993"}],"wp:term":[{"taxonomy":"category","embeddable":true,"href":"https:\/\/vsangern.ac.at\/index.php?rest_route=%2Fwp%2Fv2%2Fcategories&post=9993"},{"taxonomy":"post_tag","embeddable":true,"href":"https:\/\/vsangern.ac.at\/index.php?rest_route=%2Fwp%2Fv2%2Ftags&post=9993"}],"curies":[{"name":"wp","href":"https:\/\/api.w.org\/{rel}","templated":true}]}}