{"id":9910,"date":"2023-10-05T08:30:20","date_gmt":"2023-10-05T06:30:20","guid":{"rendered":"https:\/\/vsangern.ac.at\/?p=9910"},"modified":"2023-10-05T08:30:20","modified_gmt":"2023-10-05T06:30:20","slug":"ausstellung-in-der-4a-4b","status":"publish","type":"post","link":"https:\/\/vsangern.ac.at\/?p=9910","title":{"rendered":"Ausstellung in der 4a &#038; 4b"},"content":{"rendered":"<p><span style=\"font-family: arial, helvetica, sans-serif; font-size: 10pt;\">Die Kinder und Lehrerinnen der 4a &amp; 4b organisierten eine spannende Ausstellung. Dabei zeigten unsere Sch\u00fcler*innen viele Gegenst\u00e4nde aus ihrem Leben und Freizeitbereich. Viele Eltern kamen am 5.10.2023 und besuchten ihre Kinder in den Klassen. Die Sch\u00fcler*innen pr\u00e4sentierten ihre mitgebrachten Dinge und erz\u00e4hlten von Interessen und Hobbys. Dazu gab es selbstgemachte Snacks.<\/span><\/p>\n<p><img decoding=\"async\" loading=\"lazy\" class=\"alignnone size-medium wp-image-9912\" src=\"https:\/\/vsangern.ac.at\/wp-content\/uploads\/2023\/10\/WhatsApp-Bild-2023-10-05-um-08.19.17_6e3bfd3a-225x300.jpg\" alt=\"\" width=\"225\" height=\"300\" srcset=\"https:\/\/vsangern.ac.at\/wp-content\/uploads\/2023\/10\/WhatsApp-Bild-2023-10-05-um-08.19.17_6e3bfd3a-225x300.jpg 225w, https:\/\/vsangern.ac.at\/wp-content\/uploads\/2023\/10\/WhatsApp-Bild-2023-10-05-um-08.19.17_6e3bfd3a-768x1024.jpg 768w, https:\/\/vsangern.ac.at\/wp-content\/uploads\/2023\/10\/WhatsApp-Bild-2023-10-05-um-08.19.17_6e3bfd3a-1152x1536.jpg 1152w, https:\/\/vsangern.ac.at\/wp-content\/uploads\/2023\/10\/WhatsApp-Bild-2023-10-05-um-08.19.17_6e3bfd3a-9x12.jpg 9w, https:\/\/vsangern.ac.at\/wp-content\/uploads\/2023\/10\/WhatsApp-Bild-2023-10-05-um-08.19.17_6e3bfd3a.jpg 1536w\" sizes=\"(max-width: 225px) 100vw, 225px\" \/><\/p>\n","protected":false},"excerpt":{"rendered":"<p>Die Kinder und Lehrerinnen der 4a &amp; 4b organisierten eine spannende Ausstellung. Dabei zeigten unsere Sch\u00fcler*innen viele Gegenst\u00e4nde aus ihrem Leben und Freizeitbereich. Viele Eltern kamen am 5.10.2023 und besuchten ihre Kinder in den Klassen. Die Sch\u00fcler*innen pr\u00e4sentierten ihre mitgebrachten &hellip; <\/p>\n","protected":false},"author":15,"featured_media":0,"comment_status":"closed","ping_status":"closed","sticky":false,"template":"","format":"image","meta":{"ngg_post_thumbnail":0},"categories":[1],"tags":[],"_links":{"self":[{"href":"https:\/\/vsangern.ac.at\/index.php?rest_route=\/wp\/v2\/posts\/9910"}],"collection":[{"href":"https:\/\/vsangern.ac.at\/index.php?rest_route=\/wp\/v2\/posts"}],"about":[{"href":"https:\/\/vsangern.ac.at\/index.php?rest_route=\/wp\/v2\/types\/post"}],"author":[{"embeddable":true,"href":"https:\/\/vsangern.ac.at\/index.php?rest_route=\/wp\/v2\/users\/15"}],"replies":[{"embeddable":true,"href":"https:\/\/vsangern.ac.at\/index.php?rest_route=%2Fwp%2Fv2%2Fcomments&post=9910"}],"version-history":[{"count":1,"href":"https:\/\/vsangern.ac.at\/index.php?rest_route=\/wp\/v2\/posts\/9910\/revisions"}],"predecessor-version":[{"id":9913,"href":"https:\/\/vsangern.ac.at\/index.php?rest_route=\/wp\/v2\/posts\/9910\/revisions\/9913"}],"wp:attachment":[{"href":"https:\/\/vsangern.ac.at\/index.php?rest_route=%2Fwp%2Fv2%2Fmedia&parent=9910"}],"wp:term":[{"taxonomy":"category","embeddable":true,"href":"https:\/\/vsangern.ac.at\/index.php?rest_route=%2Fwp%2Fv2%2Fcategories&post=9910"},{"taxonomy":"post_tag","embeddable":true,"href":"https:\/\/vsangern.ac.at\/index.php?rest_route=%2Fwp%2Fv2%2Ftags&post=9910"}],"curies":[{"name":"wp","href":"https:\/\/api.w.org\/{rel}","templated":true}]}}