{"id":10253,"date":"2024-09-19T12:14:28","date_gmt":"2024-09-19T10:14:28","guid":{"rendered":"https:\/\/vsangern.ac.at\/?p=10253"},"modified":"2024-09-19T12:14:36","modified_gmt":"2024-09-19T10:14:36","slug":"tage-der-feuerwehr","status":"publish","type":"post","link":"https:\/\/vsangern.ac.at\/?p=10253","title":{"rendered":"Tage der Feuerwehr"},"content":{"rendered":"<p>&nbsp;<\/p>\n<p><img decoding=\"async\" loading=\"lazy\" class=\"alignnone wp-image-10254 \" src=\"https:\/\/vsangern.ac.at\/wp-content\/uploads\/2024\/09\/WhatsApp-Bild-2024-09-19-um-12.07.05_5ea121f3-1024x768.jpg\" alt=\"\" width=\"578\" height=\"433\" srcset=\"https:\/\/vsangern.ac.at\/wp-content\/uploads\/2024\/09\/WhatsApp-Bild-2024-09-19-um-12.07.05_5ea121f3-1024x768.jpg 1024w, https:\/\/vsangern.ac.at\/wp-content\/uploads\/2024\/09\/WhatsApp-Bild-2024-09-19-um-12.07.05_5ea121f3-300x225.jpg 300w, https:\/\/vsangern.ac.at\/wp-content\/uploads\/2024\/09\/WhatsApp-Bild-2024-09-19-um-12.07.05_5ea121f3-768x576.jpg 768w, https:\/\/vsangern.ac.at\/wp-content\/uploads\/2024\/09\/WhatsApp-Bild-2024-09-19-um-12.07.05_5ea121f3-1536x1152.jpg 1536w, https:\/\/vsangern.ac.at\/wp-content\/uploads\/2024\/09\/WhatsApp-Bild-2024-09-19-um-12.07.05_5ea121f3-16x12.jpg 16w, https:\/\/vsangern.ac.at\/wp-content\/uploads\/2024\/09\/WhatsApp-Bild-2024-09-19-um-12.07.05_5ea121f3.jpg 2048w\" sizes=\"(max-width: 578px) 100vw, 578px\" \/><\/p>\n<p><span style=\"font-family: arial, helvetica, sans-serif; font-size: 10pt;\">Im September 2024 verbrachten wir zwei Tage mit der Freiwilligen Feuerwehr Angern. Feuerwehrm\u00e4nner kamen in die Klassenzimmer und erz\u00e4hlten \u00fcber ihre Aufgaben, Ausbildung, Eins\u00e4tze und die Ausr\u00fcstung. <\/span><\/p>\n<p><span style=\"font-family: arial, helvetica, sans-serif; font-size: 10pt;\">Auch das richtige Verhalten im Brandfall wurde besprochen.<\/span><\/p>\n<p><span style=\"font-family: arial, helvetica, sans-serif; font-size: 10pt;\">Am n\u00e4chsten Tag wurde eine Evakuierungs\u00fcbung an der Volksschule durchgef\u00fchrt. Anschlie\u00dfend durften unsere Sch\u00fcler*innen Ger\u00e4te und Fahrzeuge anschauen und ausprobieren.<\/span><\/p>\n<p><span style=\"font-family: arial, helvetica, sans-serif; font-size: 10pt;\">Auch der richtige Umgang mit einem Feuerl\u00f6scher wurde ge\u00fcbt.<\/span><\/p>\n<p>&nbsp;<\/p>\n<p>&nbsp;<\/p>\n","protected":false},"excerpt":{"rendered":"<p>&nbsp; Im September 2024 verbrachten wir zwei Tage mit der Freiwilligen Feuerwehr Angern. Feuerwehrm\u00e4nner kamen in die Klassenzimmer und erz\u00e4hlten \u00fcber ihre Aufgaben, Ausbildung, Eins\u00e4tze und die Ausr\u00fcstung. Auch das richtige Verhalten im Brandfall wurde besprochen. Am n\u00e4chsten Tag wurde &hellip; <\/p>\n","protected":false},"author":15,"featured_media":0,"comment_status":"closed","ping_status":"closed","sticky":false,"template":"","format":"image","meta":{"ngg_post_thumbnail":0},"categories":[1],"tags":[],"_links":{"self":[{"href":"https:\/\/vsangern.ac.at\/index.php?rest_route=\/wp\/v2\/posts\/10253"}],"collection":[{"href":"https:\/\/vsangern.ac.at\/index.php?rest_route=\/wp\/v2\/posts"}],"about":[{"href":"https:\/\/vsangern.ac.at\/index.php?rest_route=\/wp\/v2\/types\/post"}],"author":[{"embeddable":true,"href":"https:\/\/vsangern.ac.at\/index.php?rest_route=\/wp\/v2\/users\/15"}],"replies":[{"embeddable":true,"href":"https:\/\/vsangern.ac.at\/index.php?rest_route=%2Fwp%2Fv2%2Fcomments&post=10253"}],"version-history":[{"count":1,"href":"https:\/\/vsangern.ac.at\/index.php?rest_route=\/wp\/v2\/posts\/10253\/revisions"}],"predecessor-version":[{"id":10255,"href":"https:\/\/vsangern.ac.at\/index.php?rest_route=\/wp\/v2\/posts\/10253\/revisions\/10255"}],"wp:attachment":[{"href":"https:\/\/vsangern.ac.at\/index.php?rest_route=%2Fwp%2Fv2%2Fmedia&parent=10253"}],"wp:term":[{"taxonomy":"category","embeddable":true,"href":"https:\/\/vsangern.ac.at\/index.php?rest_route=%2Fwp%2Fv2%2Fcategories&post=10253"},{"taxonomy":"post_tag","embeddable":true,"href":"https:\/\/vsangern.ac.at\/index.php?rest_route=%2Fwp%2Fv2%2Ftags&post=10253"}],"curies":[{"name":"wp","href":"https:\/\/api.w.org\/{rel}","templated":true}]}}