{"id":10199,"date":"2024-06-25T13:43:45","date_gmt":"2024-06-25T11:43:45","guid":{"rendered":"https:\/\/vsangern.ac.at\/?p=10199"},"modified":"2024-06-26T07:22:56","modified_gmt":"2024-06-26T05:22:56","slug":"abschlusskonzert-der-blaeserklasse","status":"publish","type":"post","link":"https:\/\/vsangern.ac.at\/?p=10199","title":{"rendered":"Abschlusskonzert der Bl\u00e4serklasse"},"content":{"rendered":"<p><span style=\"font-family: arial, helvetica, sans-serif; font-size: 10pt;\">In der letzten Schulwoche spielten die Kinder ein letztes Konzert f\u00fcr Mitsch\u00fcler*innen, Lehrerinnen und Eltern im Schulgarten.<\/span><\/p>\n<p><span style=\"font-family: arial, helvetica, sans-serif; font-size: 10pt;\">Im kommenden September startet eine neue Bl\u00e4serklasse in Kooperation mit der Musikschule G\u00e4nserndorf.<\/span><\/p>\n<p><img decoding=\"async\" loading=\"lazy\" class=\"alignnone wp-image-10200\" src=\"https:\/\/vsangern.ac.at\/wp-content\/uploads\/2024\/06\/20240625_114726-768x1024.jpg\" alt=\"\" width=\"350\" height=\"467\" srcset=\"https:\/\/vsangern.ac.at\/wp-content\/uploads\/2024\/06\/20240625_114726-768x1024.jpg 768w, https:\/\/vsangern.ac.at\/wp-content\/uploads\/2024\/06\/20240625_114726-225x300.jpg 225w, https:\/\/vsangern.ac.at\/wp-content\/uploads\/2024\/06\/20240625_114726-1152x1536.jpg 1152w, https:\/\/vsangern.ac.at\/wp-content\/uploads\/2024\/06\/20240625_114726-1536x2048.jpg 1536w, https:\/\/vsangern.ac.at\/wp-content\/uploads\/2024\/06\/20240625_114726-9x12.jpg 9w, https:\/\/vsangern.ac.at\/wp-content\/uploads\/2024\/06\/20240625_114726-scaled.jpg 1920w\" sizes=\"(max-width: 350px) 100vw, 350px\" \/> <img decoding=\"async\" loading=\"lazy\" class=\"alignnone wp-image-10211\" src=\"https:\/\/vsangern.ac.at\/wp-content\/uploads\/2024\/06\/BK-2024-768x1024.jpg\" alt=\"\" width=\"350\" height=\"467\" srcset=\"https:\/\/vsangern.ac.at\/wp-content\/uploads\/2024\/06\/BK-2024-768x1024.jpg 768w, https:\/\/vsangern.ac.at\/wp-content\/uploads\/2024\/06\/BK-2024-225x300.jpg 225w, https:\/\/vsangern.ac.at\/wp-content\/uploads\/2024\/06\/BK-2024-1152x1536.jpg 1152w, https:\/\/vsangern.ac.at\/wp-content\/uploads\/2024\/06\/BK-2024-9x12.jpg 9w, https:\/\/vsangern.ac.at\/wp-content\/uploads\/2024\/06\/BK-2024.jpg 1536w\" sizes=\"(max-width: 350px) 100vw, 350px\" \/><\/p>\n<p>&nbsp;<\/p>\n","protected":false},"excerpt":{"rendered":"<p>In der letzten Schulwoche spielten die Kinder ein letztes Konzert f\u00fcr Mitsch\u00fcler*innen, Lehrerinnen und Eltern im Schulgarten. Im kommenden September startet eine neue Bl\u00e4serklasse in Kooperation mit der Musikschule G\u00e4nserndorf. &nbsp;<\/p>\n","protected":false},"author":15,"featured_media":0,"comment_status":"closed","ping_status":"closed","sticky":false,"template":"","format":"image","meta":{"ngg_post_thumbnail":0},"categories":[1],"tags":[],"_links":{"self":[{"href":"https:\/\/vsangern.ac.at\/index.php?rest_route=\/wp\/v2\/posts\/10199"}],"collection":[{"href":"https:\/\/vsangern.ac.at\/index.php?rest_route=\/wp\/v2\/posts"}],"about":[{"href":"https:\/\/vsangern.ac.at\/index.php?rest_route=\/wp\/v2\/types\/post"}],"author":[{"embeddable":true,"href":"https:\/\/vsangern.ac.at\/index.php?rest_route=\/wp\/v2\/users\/15"}],"replies":[{"embeddable":true,"href":"https:\/\/vsangern.ac.at\/index.php?rest_route=%2Fwp%2Fv2%2Fcomments&post=10199"}],"version-history":[{"count":7,"href":"https:\/\/vsangern.ac.at\/index.php?rest_route=\/wp\/v2\/posts\/10199\/revisions"}],"predecessor-version":[{"id":10216,"href":"https:\/\/vsangern.ac.at\/index.php?rest_route=\/wp\/v2\/posts\/10199\/revisions\/10216"}],"wp:attachment":[{"href":"https:\/\/vsangern.ac.at\/index.php?rest_route=%2Fwp%2Fv2%2Fmedia&parent=10199"}],"wp:term":[{"taxonomy":"category","embeddable":true,"href":"https:\/\/vsangern.ac.at\/index.php?rest_route=%2Fwp%2Fv2%2Fcategories&post=10199"},{"taxonomy":"post_tag","embeddable":true,"href":"https:\/\/vsangern.ac.at\/index.php?rest_route=%2Fwp%2Fv2%2Ftags&post=10199"}],"curies":[{"name":"wp","href":"https:\/\/api.w.org\/{rel}","templated":true}]}}