{"id":10096,"date":"2024-02-02T07:56:37","date_gmt":"2024-02-02T05:56:37","guid":{"rendered":"https:\/\/vsangern.ac.at\/?p=10096"},"modified":"2024-02-02T08:04:18","modified_gmt":"2024-02-02T06:04:18","slug":"semesterferien","status":"publish","type":"post","link":"https:\/\/vsangern.ac.at\/?p=10096","title":{"rendered":"Semesterferien"},"content":{"rendered":"<p><span style=\"font-family: arial, helvetica, sans-serif; font-size: 10pt;\"><img decoding=\"async\" loading=\"lazy\" class=\"alignnone wp-image-10097\" src=\"https:\/\/vsangern.ac.at\/wp-content\/uploads\/2024\/02\/Screenshot-2024-02-02-065529-300x79.png\" alt=\"\" width=\"410\" height=\"108\" srcset=\"https:\/\/vsangern.ac.at\/wp-content\/uploads\/2024\/02\/Screenshot-2024-02-02-065529-300x79.png 300w, https:\/\/vsangern.ac.at\/wp-content\/uploads\/2024\/02\/Screenshot-2024-02-02-065529-1024x270.png 1024w, https:\/\/vsangern.ac.at\/wp-content\/uploads\/2024\/02\/Screenshot-2024-02-02-065529-768x203.png 768w, https:\/\/vsangern.ac.at\/wp-content\/uploads\/2024\/02\/Screenshot-2024-02-02-065529-1536x405.png 1536w, https:\/\/vsangern.ac.at\/wp-content\/uploads\/2024\/02\/Screenshot-2024-02-02-065529-2048x540.png 2048w, https:\/\/vsangern.ac.at\/wp-content\/uploads\/2024\/02\/Screenshot-2024-02-02-065529-18x5.png 18w\" sizes=\"(max-width: 410px) 100vw, 410px\" \/><\/span><\/p>\n<p><span style=\"font-family: arial, helvetica, sans-serif; font-size: 10pt;\">Am 2. Februar 2024, mit Ende des ersten Semesters, erhalten unsere Sch\u00fcler*innen ihre Schulnachrichten.<\/span><\/p>\n<p><span style=\"font-family: arial, helvetica, sans-serif; font-size: 10pt;\">Hier gibt es \u00c4nderungen bei den Gegenstandsbezeichnungen.<\/span><\/p>\n<p><span style=\"font-family: arial, helvetica, sans-serif; font-size: 10pt;\">Folgende Gegenst\u00e4nde wurden per Bundesgesetz umbenannt. In der Klammer finden Sie die bisherigen Bezeichnungen.<\/span><\/p>\n<p><span style=\"font-family: arial, helvetica, sans-serif; font-size: 10pt;\">Deutsch (Deutsch, Lesen, Schreiben)<\/span><\/p>\n<p><span style=\"font-family: arial, helvetica, sans-serif; font-size: 10pt;\">Kunst und Gestaltung (Bildnerische Erziehung)<\/span><\/p>\n<p><span style=\"font-family: arial, helvetica, sans-serif; font-size: 10pt;\">Technik und Design (Technisches Werken, Textiles Werken)<\/span><\/p>\n<p><span style=\"font-family: arial, helvetica, sans-serif; font-size: 10pt;\">Musik (Musikerziehung)<\/span><\/p>\n<p><span style=\"font-family: arial, helvetica, sans-serif; font-size: 10pt;\">Verkehrs- und Mobilit\u00e4tsbildung (Verkehrserziehung)<\/span><\/p>\n<p><span style=\"font-family: arial, helvetica, sans-serif; font-size: 10pt;\">F\u00fcr die erste Schulstufe gilt bereits ein neuer Lehrplan. Die Schulstufen 2 \u2013 4 werden in den n\u00e4chsten Jahren laufend umgestellt.<\/span><\/p>\n<p><span style=\"font-family: arial, helvetica, sans-serif; font-size: 10pt;\">Als Beilage zur Schulnachricht erhalten unsere Sch\u00fcler*innen ein kompetenzorientiertes Beiblatt. Diese orientieren sich an den g\u00fcltigen Lehrpl\u00e4nen.<\/span><\/p>\n<p><span style=\"font-family: arial, helvetica, sans-serif; font-size: 10pt;\">Wir w\u00fcnschen allen Familien sch\u00f6ne Ferien!<\/span><\/p>\n","protected":false},"excerpt":{"rendered":"<p>Am 2. Februar 2024, mit Ende des ersten Semesters, erhalten unsere Sch\u00fcler*innen ihre Schulnachrichten. Hier gibt es \u00c4nderungen bei den Gegenstandsbezeichnungen. Folgende Gegenst\u00e4nde wurden per Bundesgesetz umbenannt. In der Klammer finden Sie die bisherigen Bezeichnungen. Deutsch (Deutsch, Lesen, Schreiben) Kunst &hellip; <\/p>\n","protected":false},"author":15,"featured_media":0,"comment_status":"closed","ping_status":"closed","sticky":false,"template":"","format":"image","meta":{"ngg_post_thumbnail":0},"categories":[1],"tags":[],"_links":{"self":[{"href":"https:\/\/vsangern.ac.at\/index.php?rest_route=\/wp\/v2\/posts\/10096"}],"collection":[{"href":"https:\/\/vsangern.ac.at\/index.php?rest_route=\/wp\/v2\/posts"}],"about":[{"href":"https:\/\/vsangern.ac.at\/index.php?rest_route=\/wp\/v2\/types\/post"}],"author":[{"embeddable":true,"href":"https:\/\/vsangern.ac.at\/index.php?rest_route=\/wp\/v2\/users\/15"}],"replies":[{"embeddable":true,"href":"https:\/\/vsangern.ac.at\/index.php?rest_route=%2Fwp%2Fv2%2Fcomments&post=10096"}],"version-history":[{"count":2,"href":"https:\/\/vsangern.ac.at\/index.php?rest_route=\/wp\/v2\/posts\/10096\/revisions"}],"predecessor-version":[{"id":10099,"href":"https:\/\/vsangern.ac.at\/index.php?rest_route=\/wp\/v2\/posts\/10096\/revisions\/10099"}],"wp:attachment":[{"href":"https:\/\/vsangern.ac.at\/index.php?rest_route=%2Fwp%2Fv2%2Fmedia&parent=10096"}],"wp:term":[{"taxonomy":"category","embeddable":true,"href":"https:\/\/vsangern.ac.at\/index.php?rest_route=%2Fwp%2Fv2%2Fcategories&post=10096"},{"taxonomy":"post_tag","embeddable":true,"href":"https:\/\/vsangern.ac.at\/index.php?rest_route=%2Fwp%2Fv2%2Ftags&post=10096"}],"curies":[{"name":"wp","href":"https:\/\/api.w.org\/{rel}","templated":true}]}}